{"id":623,"date":"2020-11-09T13:30:33","date_gmt":"2020-11-09T13:30:33","guid":{"rendered":"https:\/\/autismo.odo.br\/site\/?p=623"},"modified":"2020-11-09T13:30:36","modified_gmt":"2020-11-09T13:30:36","slug":"estudos-mostram-que-a-falta-de-saude-bucal-podem-exacerbar-a-depressao","status":"publish","type":"post","link":"https:\/\/autismo.odo.br\/site\/estudos-mostram-que-a-falta-de-saude-bucal-podem-exacerbar-a-depressao\/","title":{"rendered":"Estudos mostram que a falta de sa\u00fade bucal podem exacerbar a depress\u00e3o"},"content":{"rendered":"\n<p><span style=\"font-size: 10.5pt; line-height: 150%; font-family: 'Arial',sans-serif; color: black;\">Caro Colega Cirurgi\u00e3o Dentista,&nbsp;<\/span><\/p>\n\n\n\n<p><span style=\"font-size: 10.5pt; line-height: 150%; font-family: 'Arial',sans-serif; color: black;\">Estudos recentes mostram&nbsp;<\/span><span style=\"font-size: 10.5pt; line-height: 150%; font-family: 'Arial',sans-serif; color: black;\">que a falta de sa\u00fade oral exacerba quadros de depress\u00e3o.&nbsp;<\/span><\/p>\n\n\n\n<p><span style=\"font-size: 10.5pt; line-height: 150%; font-family: 'Arial',sans-serif; color: black;\">As pessoas que vivem um ciclo de depress\u00e3o oral perdem a vontade de cuidar da sa\u00fade da&nbsp;<\/span><\/p>\n\n\n\n<p><span style=\"font-size: 10.5pt; line-height: 150%; font-family: 'Arial',sans-serif; color: black;\">boca, mas sentem-se ainda mais deprimidas ao ver o estado prec\u00e1rio do seu sorriso.&nbsp;<\/span><\/p>\n\n\n\n<p><span style=\"font-size: 10.5pt; line-height: 150%; font-family: 'Arial',sans-serif; color: black;\">\u00c9 importante intervir com uma abordagem diferenciada e sens\u00edvel, a fim de quebrar este ciclo.&nbsp;<\/span><\/p>\n\n\n\n<p><span style=\"font-size: 10.5pt; line-height: 150%; font-family: 'Arial',sans-serif; color: black;\">A fim de contribuir para uma odontologia abrangente e humanizada, compartilhamos com voc\u00eas&nbsp;<\/span><span style=\"font-size: 10.5pt; line-height: 150%; font-family: 'Arial',sans-serif; color: black;\">um artigo sobre este tema.<\/span><\/p>\n\n\n\n<p><span style=\"font-size: 10.5pt; line-height: 150%; font-family: 'Arial',sans-serif; color: black;\">Os autores realizaram um estudo transversal onde conclu\u00edram que, para os pacientes internados em enfermarias, a condi\u00e7\u00e3o de higiene oral estava fortemente associada a quest\u00f5es emocionais.<\/span><\/p>\n\n\n\n<p><span style=\"font-size: 10.5pt; line-height: 150%; font-family: 'Arial',sans-serif; color: black;\">Leiam o artigo na \u00edntegra.<\/span><\/p>\n\n\n\n<p><span style=\"font-size: 10.5pt; line-height: 150%; font-family: 'Arial',sans-serif; color: black;\">Esperamos que gostem.<\/span><\/p>\n\n\n\n<div class=\"wp-block-buttons is-layout-flex wp-block-buttons-is-layout-flex\">\n<div class=\"wp-block-button\"><a class=\"wp-block-button__link\" href=\"https:\/\/drive.google.com\/file\/d\/1lZUVE1ZrOqJ3xp2tsG96xArNKarci8IJ\/view\">Baixar Arquivo PDF<\/a><\/div>\n<\/div>\n\n\n","protected":false},"excerpt":{"rendered":"<p>Caro Colega Cirurgi\u00e3o Dentista,&nbsp; Estudos recentes mostram&nbsp;que a falta de sa\u00fade oral exacerba quadros de depress\u00e3o.&nbsp; As pessoas que vivem um ciclo de depress\u00e3o oral perdem a vontade de cuidar da sa\u00fade da&nbsp; boca, mas sentem-se ainda mais deprimidas ao ver o estado prec\u00e1rio do seu sorriso.&nbsp; \u00c9 importante intervir [&hellip;]<\/p>\n","protected":false},"author":1,"featured_media":330,"comment_status":"closed","ping_status":"open","sticky":false,"template":"","format":"standard","meta":{"_themeisle_gutenberg_block_has_review":false,"jetpack_post_was_ever_published":false,"_jetpack_newsletter_access":"","_jetpack_dont_email_post_to_subs":false,"_jetpack_newsletter_tier_id":0,"_jetpack_memberships_contains_paywalled_content":false,"_jetpack_memberships_contains_paid_content":false,"footnotes":"","jetpack_publicize_message":"","jetpack_publicize_feature_enabled":true,"jetpack_social_post_already_shared":true,"jetpack_social_options":{"image_generator_settings":{"template":"highway","default_image_id":0,"font":"","enabled":false},"version":2}},"categories":[6,38,9],"tags":[],"class_list":["post-623","post","type-post","status-publish","format-standard","has-post-thumbnail","hentry","category-odontologia","category-opne","category-publicacoes"],"yoast_head":"<!-- This site is optimized with the Yoast SEO plugin v27.5 - https:\/\/yoast.com\/product\/yoast-seo-wordpress\/ -->\n<title>Estudos mostram que a falta de sa\u00fade bucal podem exacerbar a depress\u00e3o - Dra. Lais David Amaral - Autismo e Odontologia<\/title>\n<meta name=\"robots\" content=\"index, follow, max-snippet:-1, max-image-preview:large, max-video-preview:-1\" \/>\n<link rel=\"canonical\" href=\"https:\/\/autismo.odo.br\/site\/estudos-mostram-que-a-falta-de-saude-bucal-podem-exacerbar-a-depressao\/\" \/>\n<meta property=\"og:locale\" content=\"pt_BR\" \/>\n<meta property=\"og:type\" content=\"article\" \/>\n<meta property=\"og:title\" content=\"Estudos mostram que a falta de sa\u00fade bucal podem exacerbar a depress\u00e3o - Dra. Lais David Amaral - Autismo e Odontologia\" \/>\n<meta property=\"og:description\" content=\"Caro Colega Cirurgi\u00e3o Dentista,&nbsp; Estudos recentes mostram&nbsp;que a falta de sa\u00fade oral exacerba quadros de depress\u00e3o.&nbsp; As pessoas que vivem um ciclo de depress\u00e3o oral perdem a vontade de cuidar da sa\u00fade da&nbsp; boca, mas sentem-se ainda mais deprimidas ao ver o estado prec\u00e1rio do seu sorriso.&nbsp; \u00c9 importante intervir [&hellip;]\" \/>\n<meta property=\"og:url\" content=\"https:\/\/autismo.odo.br\/site\/estudos-mostram-que-a-falta-de-saude-bucal-podem-exacerbar-a-depressao\/\" \/>\n<meta property=\"og:site_name\" content=\"Dra. Lais David Amaral - Autismo e Odontologia\" \/>\n<meta property=\"article:published_time\" content=\"2020-11-09T13:30:33+00:00\" \/>\n<meta property=\"article:modified_time\" content=\"2020-11-09T13:30:36+00:00\" \/>\n<meta property=\"og:image\" content=\"https:\/\/mloxcugkbp6a.i.optimole.com\/w:auto\/h:auto\/q:mauto\/f:best\/https:\/\/autismo.odo.br\/site\/wp-content\/uploads\/2020\/04\/artigo.jpg\" \/>\n\t<meta property=\"og:image:width\" content=\"504\" \/>\n\t<meta property=\"og:image:height\" content=\"320\" \/>\n\t<meta property=\"og:image:type\" content=\"image\/jpeg\" \/>\n<meta name=\"author\" content=\"Lais David Amaral\" \/>\n<meta name=\"twitter:card\" content=\"summary_large_image\" \/>\n<meta name=\"twitter:label1\" content=\"Escrito por\" \/>\n\t<meta name=\"twitter:data1\" content=\"Lais David Amaral\" \/>\n\t<meta name=\"twitter:label2\" content=\"Est. tempo de leitura\" \/>\n\t<meta name=\"twitter:data2\" content=\"1 minuto\" \/>\n<script type=\"application\/ld+json\" class=\"yoast-schema-graph\">{\"@context\":\"https:\\\/\\\/schema.org\",\"@graph\":[{\"@type\":\"Article\",\"@id\":\"https:\\\/\\\/autismo.odo.br\\\/site\\\/estudos-mostram-que-a-falta-de-saude-bucal-podem-exacerbar-a-depressao\\\/#article\",\"isPartOf\":{\"@id\":\"https:\\\/\\\/autismo.odo.br\\\/site\\\/estudos-mostram-que-a-falta-de-saude-bucal-podem-exacerbar-a-depressao\\\/\"},\"author\":{\"name\":\"Lais David Amaral\",\"@id\":\"https:\\\/\\\/autismo.odo.br\\\/site\\\/#\\\/schema\\\/person\\\/2e6b6b103e65341976ba744a2cf872b0\"},\"headline\":\"Estudos mostram que a falta de sa\u00fade bucal podem exacerbar a depress\u00e3o\",\"datePublished\":\"2020-11-09T13:30:33+00:00\",\"dateModified\":\"2020-11-09T13:30:36+00:00\",\"mainEntityOfPage\":{\"@id\":\"https:\\\/\\\/autismo.odo.br\\\/site\\\/estudos-mostram-que-a-falta-de-saude-bucal-podem-exacerbar-a-depressao\\\/\"},\"wordCount\":149,\"publisher\":{\"@id\":\"https:\\\/\\\/autismo.odo.br\\\/site\\\/#organization\"},\"image\":{\"@id\":\"https:\\\/\\\/autismo.odo.br\\\/site\\\/estudos-mostram-que-a-falta-de-saude-bucal-podem-exacerbar-a-depressao\\\/#primaryimage\"},\"thumbnailUrl\":\"https:\\/\\/autismo.odo.br\\/site\\/wp-content\\/uploads\\/2020\\/04\\/artigo.jpg\",\"articleSection\":[\"Odontologia\",\"OPNE\",\"Publica\u00e7\u00f5es\"],\"inLanguage\":\"pt-BR\"},{\"@type\":\"WebPage\",\"@id\":\"https:\\\/\\\/autismo.odo.br\\\/site\\\/estudos-mostram-que-a-falta-de-saude-bucal-podem-exacerbar-a-depressao\\\/\",\"url\":\"https:\\\/\\\/autismo.odo.br\\\/site\\\/estudos-mostram-que-a-falta-de-saude-bucal-podem-exacerbar-a-depressao\\\/\",\"name\":\"Estudos mostram que a falta de sa\u00fade bucal podem exacerbar a depress\u00e3o - Dra. Lais David Amaral - Autismo e Odontologia\",\"isPartOf\":{\"@id\":\"https:\\\/\\\/autismo.odo.br\\\/site\\\/#website\"},\"primaryImageOfPage\":{\"@id\":\"https:\\\/\\\/autismo.odo.br\\\/site\\\/estudos-mostram-que-a-falta-de-saude-bucal-podem-exacerbar-a-depressao\\\/#primaryimage\"},\"image\":{\"@id\":\"https:\\\/\\\/autismo.odo.br\\\/site\\\/estudos-mostram-que-a-falta-de-saude-bucal-podem-exacerbar-a-depressao\\\/#primaryimage\"},\"thumbnailUrl\":\"https:\\/\\/autismo.odo.br\\/site\\/wp-content\\/uploads\\/2020\\/04\\/artigo.jpg\",\"datePublished\":\"2020-11-09T13:30:33+00:00\",\"dateModified\":\"2020-11-09T13:30:36+00:00\",\"breadcrumb\":{\"@id\":\"https:\\\/\\\/autismo.odo.br\\\/site\\\/estudos-mostram-que-a-falta-de-saude-bucal-podem-exacerbar-a-depressao\\\/#breadcrumb\"},\"inLanguage\":\"pt-BR\",\"potentialAction\":[{\"@type\":\"ReadAction\",\"target\":[\"https:\\\/\\\/autismo.odo.br\\\/site\\\/estudos-mostram-que-a-falta-de-saude-bucal-podem-exacerbar-a-depressao\\\/\"]}]},{\"@type\":\"ImageObject\",\"inLanguage\":\"pt-BR\",\"@id\":\"https:\\\/\\\/autismo.odo.br\\\/site\\\/estudos-mostram-que-a-falta-de-saude-bucal-podem-exacerbar-a-depressao\\\/#primaryimage\",\"url\":\"https:\\/\\/autismo.odo.br\\/site\\/wp-content\\/uploads\\/2020\\/04\\/artigo.jpg\",\"contentUrl\":\"https:\\/\\/autismo.odo.br\\/site\\/wp-content\\/uploads\\/2020\\/04\\/artigo.jpg\",\"width\":504,\"height\":320},{\"@type\":\"BreadcrumbList\",\"@id\":\"https:\\\/\\\/autismo.odo.br\\\/site\\\/estudos-mostram-que-a-falta-de-saude-bucal-podem-exacerbar-a-depressao\\\/#breadcrumb\",\"itemListElement\":[{\"@type\":\"ListItem\",\"position\":1,\"name\":\"In\u00edcio\",\"item\":\"https:\\\/\\\/autismo.odo.br\\\/site\\\/\"},{\"@type\":\"ListItem\",\"position\":2,\"name\":\"Estudos mostram que a falta de sa\u00fade bucal podem exacerbar a depress\u00e3o\"}]},{\"@type\":\"WebSite\",\"@id\":\"https:\\\/\\\/autismo.odo.br\\\/site\\\/#website\",\"url\":\"https:\\\/\\\/autismo.odo.br\\\/site\\\/\",\"name\":\"Autismo e Odontologia\",\"description\":\"Dra. Lais David Amaral - Odontologia para Pacientes com Necessidades Especiais\",\"publisher\":{\"@id\":\"https:\\\/\\\/autismo.odo.br\\\/site\\\/#organization\"},\"potentialAction\":[{\"@type\":\"SearchAction\",\"target\":{\"@type\":\"EntryPoint\",\"urlTemplate\":\"https:\\\/\\\/autismo.odo.br\\\/site\\\/?s={search_term_string}\"},\"query-input\":{\"@type\":\"PropertyValueSpecification\",\"valueRequired\":true,\"valueName\":\"search_term_string\"}}],\"inLanguage\":\"pt-BR\"},{\"@type\":\"Organization\",\"@id\":\"https:\\\/\\\/autismo.odo.br\\\/site\\\/#organization\",\"name\":\"Autismo e Odontologia\",\"url\":\"https:\\\/\\\/autismo.odo.br\\\/site\\\/\",\"logo\":{\"@type\":\"ImageObject\",\"inLanguage\":\"pt-BR\",\"@id\":\"https:\\\/\\\/autismo.odo.br\\\/site\\\/#\\\/schema\\\/logo\\\/image\\\/\",\"url\":\"https:\\/\\/i2.wp.com\\/autismo.odo.br\\/site\\/wp-content\\/uploads\\/2017\\/04\\/Prof-Lais-Amaral-Cirurgia_Dentista-Odontologia-Pacientes-Especiais-Autismo-Brasilia-Distrito-Federal.jpg?fit=350%2C438&ssl=1\",\"contentUrl\":\"https:\\/\\/i2.wp.com\\/autismo.odo.br\\/site\\/wp-content\\/uploads\\/2017\\/04\\/Prof-Lais-Amaral-Cirurgia_Dentista-Odontologia-Pacientes-Especiais-Autismo-Brasilia-Distrito-Federal.jpg?fit=350%2C438&ssl=1\",\"width\":350,\"height\":438,\"caption\":\"Autismo e Odontologia\"},\"image\":{\"@id\":\"https:\\\/\\\/autismo.odo.br\\\/site\\\/#\\\/schema\\\/logo\\\/image\\\/\"},\"sameAs\":[\"http:\\\/\\\/instagram.com\\\/autismoeodontologia\"]},{\"@type\":\"Person\",\"@id\":\"https:\\\/\\\/autismo.odo.br\\\/site\\\/#\\\/schema\\\/person\\\/2e6b6b103e65341976ba744a2cf872b0\",\"name\":\"Lais David Amaral\",\"image\":{\"@type\":\"ImageObject\",\"inLanguage\":\"pt-BR\",\"@id\":\"https:\\\/\\\/secure.gravatar.com\\\/avatar\\\/a8fc8e237408fb27e1746e74dd4ca1dfd657a1bb6751088591e6dc41f11cb5fe?s=96&d=monsterid&r=g\",\"url\":\"https:\\\/\\\/secure.gravatar.com\\\/avatar\\\/a8fc8e237408fb27e1746e74dd4ca1dfd657a1bb6751088591e6dc41f11cb5fe?s=96&d=monsterid&r=g\",\"contentUrl\":\"https:\\\/\\\/secure.gravatar.com\\\/avatar\\\/a8fc8e237408fb27e1746e74dd4ca1dfd657a1bb6751088591e6dc41f11cb5fe?s=96&d=monsterid&r=g\",\"caption\":\"Lais David Amaral\"},\"description\":\"Graduada em Odontologia pela Universidade Paulista \u2013 UNIP, doutoranda e mestre em Ci\u00eancias da Sa\u00fade pela Universidade de Bras\u00edlia \u2013 UnB. Especialista em Odontologia para Pacientes com Necessidades Especiais (Universidade Paulista \u2013 FOUNIP) e Odontologia em Sa\u00fade Coletiva \u2013 UnB. Professora do Curso de Gradua\u00e7\u00e3o em Odontologia na Universidade Cat\u00f3lica de Bras\u00edlia \u2013 UCB. Experi\u00eancia como cirurgi\u00e3 dentista da Estrat\u00e9gia Sa\u00fade da Fam\u00edlia e odontologia para pessoas com necessidades especiais, realizando pesquisas sobre aten\u00e7\u00e3o em sa\u00fade bucal para pessoas com autismo. lais@autismo.odo.br\",\"sameAs\":[\"http:\\\/\\\/www.autismo.odo.br\"],\"url\":\"https:\\\/\\\/autismo.odo.br\\\/site\\\/author\\\/dra_laisamaral\\\/\"}]}<\/script>\n<!-- \/ Yoast SEO plugin. -->","yoast_head_json":{"title":"Estudos mostram que a falta de sa\u00fade bucal podem exacerbar a depress\u00e3o - Dra. Lais David Amaral - Autismo e Odontologia","robots":{"index":"index","follow":"follow","max-snippet":"max-snippet:-1","max-image-preview":"max-image-preview:large","max-video-preview":"max-video-preview:-1"},"canonical":"https:\/\/autismo.odo.br\/site\/estudos-mostram-que-a-falta-de-saude-bucal-podem-exacerbar-a-depressao\/","og_locale":"pt_BR","og_type":"article","og_title":"Estudos mostram que a falta de sa\u00fade bucal podem exacerbar a depress\u00e3o - Dra. Lais David Amaral - Autismo e Odontologia","og_description":"Caro Colega Cirurgi\u00e3o Dentista,&nbsp; Estudos recentes mostram&nbsp;que a falta de sa\u00fade oral exacerba quadros de depress\u00e3o.&nbsp; As pessoas que vivem um ciclo de depress\u00e3o oral perdem a vontade de cuidar da sa\u00fade da&nbsp; boca, mas sentem-se ainda mais deprimidas ao ver o estado prec\u00e1rio do seu sorriso.&nbsp; \u00c9 importante intervir [&hellip;]","og_url":"https:\/\/autismo.odo.br\/site\/estudos-mostram-que-a-falta-de-saude-bucal-podem-exacerbar-a-depressao\/","og_site_name":"Dra. Lais David Amaral - Autismo e Odontologia","article_published_time":"2020-11-09T13:30:33+00:00","article_modified_time":"2020-11-09T13:30:36+00:00","og_image":[{"width":504,"height":320,"url":"https:\/\/mloxcugkbp6a.i.optimole.com\/w:auto\/h:auto\/q:mauto\/f:best\/https:\/\/autismo.odo.br\/site\/wp-content\/uploads\/2020\/04\/artigo.jpg","type":"image\/jpeg"}],"author":"Lais David Amaral","twitter_card":"summary_large_image","twitter_misc":{"Escrito por":"Lais David Amaral","Est. tempo de leitura":"1 minuto"},"schema":{"@context":"https:\/\/schema.org","@graph":[{"@type":"Article","@id":"https:\/\/autismo.odo.br\/site\/estudos-mostram-que-a-falta-de-saude-bucal-podem-exacerbar-a-depressao\/#article","isPartOf":{"@id":"https:\/\/autismo.odo.br\/site\/estudos-mostram-que-a-falta-de-saude-bucal-podem-exacerbar-a-depressao\/"},"author":{"name":"Lais David Amaral","@id":"https:\/\/autismo.odo.br\/site\/#\/schema\/person\/2e6b6b103e65341976ba744a2cf872b0"},"headline":"Estudos mostram que a falta de sa\u00fade bucal podem exacerbar a depress\u00e3o","datePublished":"2020-11-09T13:30:33+00:00","dateModified":"2020-11-09T13:30:36+00:00","mainEntityOfPage":{"@id":"https:\/\/autismo.odo.br\/site\/estudos-mostram-que-a-falta-de-saude-bucal-podem-exacerbar-a-depressao\/"},"wordCount":149,"publisher":{"@id":"https:\/\/autismo.odo.br\/site\/#organization"},"image":{"@id":"https:\/\/autismo.odo.br\/site\/estudos-mostram-que-a-falta-de-saude-bucal-podem-exacerbar-a-depressao\/#primaryimage"},"thumbnailUrl":"https:\/\/mloxcugkbp6a.i.optimole.com\/w:auto\/h:auto\/q:mauto\/f:best\/https:\/\/autismo.odo.br\/site\/wp-content\/uploads\/2020\/04\/artigo.jpg","articleSection":["Odontologia","OPNE","Publica\u00e7\u00f5es"],"inLanguage":"pt-BR"},{"@type":"WebPage","@id":"https:\/\/autismo.odo.br\/site\/estudos-mostram-que-a-falta-de-saude-bucal-podem-exacerbar-a-depressao\/","url":"https:\/\/autismo.odo.br\/site\/estudos-mostram-que-a-falta-de-saude-bucal-podem-exacerbar-a-depressao\/","name":"Estudos mostram que a falta de sa\u00fade bucal podem exacerbar a depress\u00e3o - Dra. Lais David Amaral - Autismo e Odontologia","isPartOf":{"@id":"https:\/\/autismo.odo.br\/site\/#website"},"primaryImageOfPage":{"@id":"https:\/\/autismo.odo.br\/site\/estudos-mostram-que-a-falta-de-saude-bucal-podem-exacerbar-a-depressao\/#primaryimage"},"image":{"@id":"https:\/\/autismo.odo.br\/site\/estudos-mostram-que-a-falta-de-saude-bucal-podem-exacerbar-a-depressao\/#primaryimage"},"thumbnailUrl":"https:\/\/mloxcugkbp6a.i.optimole.com\/w:auto\/h:auto\/q:mauto\/f:best\/https:\/\/autismo.odo.br\/site\/wp-content\/uploads\/2020\/04\/artigo.jpg","datePublished":"2020-11-09T13:30:33+00:00","dateModified":"2020-11-09T13:30:36+00:00","breadcrumb":{"@id":"https:\/\/autismo.odo.br\/site\/estudos-mostram-que-a-falta-de-saude-bucal-podem-exacerbar-a-depressao\/#breadcrumb"},"inLanguage":"pt-BR","potentialAction":[{"@type":"ReadAction","target":["https:\/\/autismo.odo.br\/site\/estudos-mostram-que-a-falta-de-saude-bucal-podem-exacerbar-a-depressao\/"]}]},{"@type":"ImageObject","inLanguage":"pt-BR","@id":"https:\/\/autismo.odo.br\/site\/estudos-mostram-que-a-falta-de-saude-bucal-podem-exacerbar-a-depressao\/#primaryimage","url":"https:\/\/mloxcugkbp6a.i.optimole.com\/w:auto\/h:auto\/q:mauto\/f:best\/https:\/\/autismo.odo.br\/site\/wp-content\/uploads\/2020\/04\/artigo.jpg","contentUrl":"https:\/\/mloxcugkbp6a.i.optimole.com\/w:auto\/h:auto\/q:mauto\/f:best\/https:\/\/autismo.odo.br\/site\/wp-content\/uploads\/2020\/04\/artigo.jpg","width":504,"height":320},{"@type":"BreadcrumbList","@id":"https:\/\/autismo.odo.br\/site\/estudos-mostram-que-a-falta-de-saude-bucal-podem-exacerbar-a-depressao\/#breadcrumb","itemListElement":[{"@type":"ListItem","position":1,"name":"In\u00edcio","item":"https:\/\/autismo.odo.br\/site\/"},{"@type":"ListItem","position":2,"name":"Estudos mostram que a falta de sa\u00fade bucal podem exacerbar a depress\u00e3o"}]},{"@type":"WebSite","@id":"https:\/\/autismo.odo.br\/site\/#website","url":"https:\/\/autismo.odo.br\/site\/","name":"Autismo e Odontologia","description":"Dra. Lais David Amaral - Odontologia para Pacientes com Necessidades Especiais","publisher":{"@id":"https:\/\/autismo.odo.br\/site\/#organization"},"potentialAction":[{"@type":"SearchAction","target":{"@type":"EntryPoint","urlTemplate":"https:\/\/autismo.odo.br\/site\/?s={search_term_string}"},"query-input":{"@type":"PropertyValueSpecification","valueRequired":true,"valueName":"search_term_string"}}],"inLanguage":"pt-BR"},{"@type":"Organization","@id":"https:\/\/autismo.odo.br\/site\/#organization","name":"Autismo e Odontologia","url":"https:\/\/autismo.odo.br\/site\/","logo":{"@type":"ImageObject","inLanguage":"pt-BR","@id":"https:\/\/autismo.odo.br\/site\/#\/schema\/logo\/image\/","url":"https:\/\/mloxcugkbp6a.i.optimole.com\/w:auto\/h:auto\/q:mauto\/f:best\/https:\/\/i2.wp.com\/autismo.odo.br\/site\/wp-content\/uploads\/2017\/04\/Prof-Lais-Amaral-Cirurgia_Dentista-Odontologia-Pacientes-Especiais-Autismo-Brasilia-Distrito-Federal.jpg?fit=350%2C438&ssl=1","contentUrl":"https:\/\/mloxcugkbp6a.i.optimole.com\/w:auto\/h:auto\/q:mauto\/f:best\/https:\/\/i2.wp.com\/autismo.odo.br\/site\/wp-content\/uploads\/2017\/04\/Prof-Lais-Amaral-Cirurgia_Dentista-Odontologia-Pacientes-Especiais-Autismo-Brasilia-Distrito-Federal.jpg?fit=350%2C438&ssl=1","width":350,"height":438,"caption":"Autismo e Odontologia"},"image":{"@id":"https:\/\/autismo.odo.br\/site\/#\/schema\/logo\/image\/"},"sameAs":["http:\/\/instagram.com\/autismoeodontologia"]},{"@type":"Person","@id":"https:\/\/autismo.odo.br\/site\/#\/schema\/person\/2e6b6b103e65341976ba744a2cf872b0","name":"Lais David Amaral","image":{"@type":"ImageObject","inLanguage":"pt-BR","@id":"https:\/\/secure.gravatar.com\/avatar\/a8fc8e237408fb27e1746e74dd4ca1dfd657a1bb6751088591e6dc41f11cb5fe?s=96&d=monsterid&r=g","url":"https:\/\/secure.gravatar.com\/avatar\/a8fc8e237408fb27e1746e74dd4ca1dfd657a1bb6751088591e6dc41f11cb5fe?s=96&d=monsterid&r=g","contentUrl":"https:\/\/secure.gravatar.com\/avatar\/a8fc8e237408fb27e1746e74dd4ca1dfd657a1bb6751088591e6dc41f11cb5fe?s=96&d=monsterid&r=g","caption":"Lais David Amaral"},"description":"Graduada em Odontologia pela Universidade Paulista \u2013 UNIP, doutoranda e mestre em Ci\u00eancias da Sa\u00fade pela Universidade de Bras\u00edlia \u2013 UnB. Especialista em Odontologia para Pacientes com Necessidades Especiais (Universidade Paulista \u2013 FOUNIP) e Odontologia em Sa\u00fade Coletiva \u2013 UnB. Professora do Curso de Gradua\u00e7\u00e3o em Odontologia na Universidade Cat\u00f3lica de Bras\u00edlia \u2013 UCB. Experi\u00eancia como cirurgi\u00e3 dentista da Estrat\u00e9gia Sa\u00fade da Fam\u00edlia e odontologia para pessoas com necessidades especiais, realizando pesquisas sobre aten\u00e7\u00e3o em sa\u00fade bucal para pessoas com autismo. lais@autismo.odo.br","sameAs":["http:\/\/www.autismo.odo.br"],"url":"https:\/\/autismo.odo.br\/site\/author\/dra_laisamaral\/"}]}},"jetpack_publicize_connections":[],"jetpack_featured_media_url":"https:\/\/mloxcugkbp6a.i.optimole.com\/w:auto\/h:auto\/q:mauto\/f:best\/https:\/\/autismo.odo.br\/site\/wp-content\/uploads\/2020\/04\/artigo.jpg","jetpack_shortlink":"https:\/\/wp.me\/p8Agdc-a3","jetpack_sharing_enabled":true,"_links":{"self":[{"href":"https:\/\/autismo.odo.br\/site\/wp-json\/wp\/v2\/posts\/623","targetHints":{"allow":["GET"]}}],"collection":[{"href":"https:\/\/autismo.odo.br\/site\/wp-json\/wp\/v2\/posts"}],"about":[{"href":"https:\/\/autismo.odo.br\/site\/wp-json\/wp\/v2\/types\/post"}],"author":[{"embeddable":true,"href":"https:\/\/autismo.odo.br\/site\/wp-json\/wp\/v2\/users\/1"}],"replies":[{"embeddable":true,"href":"https:\/\/autismo.odo.br\/site\/wp-json\/wp\/v2\/comments?post=623"}],"version-history":[{"count":1,"href":"https:\/\/autismo.odo.br\/site\/wp-json\/wp\/v2\/posts\/623\/revisions"}],"predecessor-version":[{"id":624,"href":"https:\/\/autismo.odo.br\/site\/wp-json\/wp\/v2\/posts\/623\/revisions\/624"}],"wp:featuredmedia":[{"embeddable":true,"href":"https:\/\/autismo.odo.br\/site\/wp-json\/wp\/v2\/media\/330"}],"wp:attachment":[{"href":"https:\/\/autismo.odo.br\/site\/wp-json\/wp\/v2\/media?parent=623"}],"wp:term":[{"taxonomy":"category","embeddable":true,"href":"https:\/\/autismo.odo.br\/site\/wp-json\/wp\/v2\/categories?post=623"},{"taxonomy":"post_tag","embeddable":true,"href":"https:\/\/autismo.odo.br\/site\/wp-json\/wp\/v2\/tags?post=623"}],"curies":[{"name":"wp","href":"https:\/\/api.w.org\/{rel}","templated":true}]}}