{"id":576,"date":"2020-08-06T12:49:57","date_gmt":"2020-08-06T12:49:57","guid":{"rendered":"https:\/\/autismo.odo.br\/site\/?p=576"},"modified":"2020-08-06T13:23:15","modified_gmt":"2020-08-06T13:23:15","slug":"tea-e-odontologia-webinar-gratuito","status":"publish","type":"post","link":"https:\/\/autismo.odo.br\/site\/tea-e-odontologia-webinar-gratuito\/","title":{"rendered":"TEA e Odontologia \u2013 WEBINAR GRATUITO"},"content":{"rendered":"\n<p>Com o objetivo de trazer informa\u00e7\u00e3o e discuss\u00e3o sobre a atua\u00e7\u00e3o do cirurgi\u00e3o dentista no atendimento de pacientes com Transtorno do Espectro Autista, a ODONTOLOGIA ESPECIAL CURSOS convida voc\u00ea para participar deste Webinar.&nbsp;<\/p>\n\n\n\n<p class=\"has-text-color has-background has-very-light-gray-color has-luminous-vivid-orange-background-color\"><strong>Inscri\u00e7\u00f5es: <\/strong><a href=\"https:\/\/doity.com.br\/webinar-tea\">https:\/\/doity.com.br\/webinar-tea<\/a><\/p>\n\n\n\n<p class=\"has-text-color has-background has-very-light-gray-color has-vivid-red-background-color\"><strong>A transmiss\u00e3o ser\u00e1 atrav\u00e9s do canal do Youtube AUTISMO E ODONTOLOGIA, dia 12\/08\/20, a partir das 20:00 (Hor\u00e1rio do Brasil).&nbsp;<\/strong><\/p>\n\n\n\n<p class=\"has-text-color has-background has-very-light-gray-color has-luminous-vivid-orange-background-color\"><a href=\"https:\/\/www.youtube.com\/autismoeodontologia\">https:\/\/www.youtube.com\/autismoeodontologia<\/a><\/p>\n\n\n\n<p><strong>Os participantes receber\u00e3o&nbsp;certificado com carga hor\u00e1ria de 90 minutos.&nbsp;<\/strong><\/p>\n\n\n\n<p><strong>Em nosso&nbsp;encontro&nbsp;discutiremos sobre:&nbsp;<\/strong><\/p>\n\n\n\n<ul class=\"wp-block-list\"><li>Qual o papel do CID e do DSM-V? Como estes c\u00f3digos auxiliam nossa atua\u00e7\u00e3o em Odontologia?<\/li><li>\u00c9 poss\u00edvel atuar com gerenciamento de comportamento e manejo destes pacientes em ambiente odontol\u00f3gico?<\/li><li>Seda\u00e7\u00e3o com seguran\u00e7a: Como e quando indicar?&nbsp;<\/li><\/ul>\n\n\n\n<p>Fechando este encontro,&nbsp;teremos uma roda de conversa sobre&nbsp;a aten\u00e7\u00e3o odontol\u00f3gica&nbsp;do paciente com autismo, onde nossas professoras abordar\u00e3o o tema de maneira descontra\u00edda, falando sobre mitos e verdades, desafios e&nbsp;evid\u00eancias cient\u00edficas. Al\u00e9m disso,&nbsp;ir\u00e3o responder as perguntas dos participantes.&nbsp;<\/p>\n\n\n\n<p><strong>N\u00e3o perca esse encontro. Inscreva-se e venha trocar experi\u00eancias conosco!<\/strong><\/p>\n\n\n\n<p><\/p>\n\n\n\n<figure class=\"wp-block-image size-large\"><a href=\"https:\/\/doity.com.br\/webinar-tea\"><img data-opt-id=104979899  fetchpriority=\"high\" decoding=\"async\" width=\"640\" height=\"480\" data-attachment-id=\"579\" data-permalink=\"https:\/\/autismo.odo.br\/site\/tea-e-odontologia-webinar-gratuito\/webinarlais\/\" data-orig-file=\"https:\/\/mloxcugkbp6a.i.optimole.com\/w:auto\/h:auto\/q:mauto\/f:best\/https:\/\/autismo.odo.br\/site\/wp-content\/uploads\/2020\/08\/webinarlais.jpeg\" data-orig-size=\"640,480\" data-comments-opened=\"0\" data-image-meta=\"{&quot;aperture&quot;:&quot;0&quot;,&quot;credit&quot;:&quot;&quot;,&quot;camera&quot;:&quot;&quot;,&quot;caption&quot;:&quot;&quot;,&quot;created_timestamp&quot;:&quot;0&quot;,&quot;copyright&quot;:&quot;&quot;,&quot;focal_length&quot;:&quot;0&quot;,&quot;iso&quot;:&quot;0&quot;,&quot;shutter_speed&quot;:&quot;0&quot;,&quot;title&quot;:&quot;&quot;,&quot;orientation&quot;:&quot;0&quot;}\" data-image-title=\"webinarlais\" data-image-description=\"\" data-image-caption=\"\" data-large-file=\"https:\/\/mloxcugkbp6a.i.optimole.com\/w:auto\/h:auto\/q:mauto\/f:best\/https:\/\/autismo.odo.br\/site\/wp-content\/uploads\/2020\/08\/webinarlais.jpeg\" src=\"https:\/\/mloxcugkbp6a.i.optimole.com\/w:auto\/h:auto\/q:mauto\/f:best\/http:\/\/autismo.odo.br\/site\/wp-content\/uploads\/2020\/08\/webinarlais.jpeg\" alt=\"\" class=\"wp-image-579\" srcset=\"https:\/\/mloxcugkbp6a.i.optimole.com\/w:640\/h:480\/q:mauto\/f:best\/https:\/\/autismo.odo.br\/site\/wp-content\/uploads\/2020\/08\/webinarlais.jpeg 640w, https:\/\/mloxcugkbp6a.i.optimole.com\/w:600\/h:450\/q:mauto\/f:best\/https:\/\/autismo.odo.br\/site\/wp-content\/uploads\/2020\/08\/webinarlais.jpeg 600w, https:\/\/mloxcugkbp6a.i.optimole.com\/w:300\/h:225\/q:mauto\/f:best\/https:\/\/autismo.odo.br\/site\/wp-content\/uploads\/2020\/08\/webinarlais.jpeg 300w, https:\/\/mloxcugkbp6a.i.optimole.com\/w:520\/h:390\/q:mauto\/f:best\/https:\/\/autismo.odo.br\/site\/wp-content\/uploads\/2020\/08\/webinarlais.jpeg 520w\" sizes=\"(max-width: 640px) 100vw, 640px\" \/><\/a><\/figure>\n","protected":false},"excerpt":{"rendered":"<p>Com o objetivo de trazer informa\u00e7\u00e3o e discuss\u00e3o sobre a atua\u00e7\u00e3o do cirurgi\u00e3o dentista no atendimento de pacientes com Transtorno do Espectro Autista, a ODONTOLOGIA ESPECIAL CURSOS convida voc\u00ea para participar deste Webinar.&nbsp; Inscri\u00e7\u00f5es: https:\/\/doity.com.br\/webinar-tea A transmiss\u00e3o ser\u00e1 atrav\u00e9s do canal do Youtube AUTISMO E ODONTOLOGIA, dia 12\/08\/20, a partir [&hellip;]<\/p>\n","protected":false},"author":1,"featured_media":579,"comment_status":"closed","ping_status":"open","sticky":false,"template":"","format":"standard","meta":{"_themeisle_gutenberg_block_has_review":false,"jetpack_post_was_ever_published":false,"_jetpack_newsletter_access":"","_jetpack_dont_email_post_to_subs":false,"_jetpack_newsletter_tier_id":0,"_jetpack_memberships_contains_paywalled_content":false,"_jetpack_memberships_contains_paid_content":false,"footnotes":"","jetpack_publicize_message":"","jetpack_publicize_feature_enabled":true,"jetpack_social_post_already_shared":true,"jetpack_social_options":{"image_generator_settings":{"template":"highway","default_image_id":0,"font":"","enabled":false},"version":2}},"categories":[8,6,5],"tags":[],"class_list":["post-576","post","type-post","status-publish","format-standard","has-post-thumbnail","hentry","category-eventos-e-palestras","category-odontologia","category-pacientes-especiais"],"yoast_head":"<!-- This site is optimized with the Yoast SEO plugin v27.5 - https:\/\/yoast.com\/product\/yoast-seo-wordpress\/ -->\n<title>TEA e Odontologia \u2013 WEBINAR GRATUITO - Dra. Lais David Amaral - Autismo e Odontologia<\/title>\n<meta name=\"robots\" content=\"index, follow, max-snippet:-1, max-image-preview:large, max-video-preview:-1\" \/>\n<link rel=\"canonical\" href=\"https:\/\/autismo.odo.br\/site\/tea-e-odontologia-webinar-gratuito\/\" \/>\n<meta property=\"og:locale\" content=\"pt_BR\" \/>\n<meta property=\"og:type\" content=\"article\" \/>\n<meta property=\"og:title\" content=\"TEA e Odontologia \u2013 WEBINAR GRATUITO - Dra. Lais David Amaral - Autismo e Odontologia\" \/>\n<meta property=\"og:description\" content=\"Com o objetivo de trazer informa\u00e7\u00e3o e discuss\u00e3o sobre a atua\u00e7\u00e3o do cirurgi\u00e3o dentista no atendimento de pacientes com Transtorno do Espectro Autista, a ODONTOLOGIA ESPECIAL CURSOS convida voc\u00ea para participar deste Webinar.&nbsp; Inscri\u00e7\u00f5es: https:\/\/doity.com.br\/webinar-tea A transmiss\u00e3o ser\u00e1 atrav\u00e9s do canal do Youtube AUTISMO E ODONTOLOGIA, dia 12\/08\/20, a partir [&hellip;]\" \/>\n<meta property=\"og:url\" content=\"https:\/\/autismo.odo.br\/site\/tea-e-odontologia-webinar-gratuito\/\" \/>\n<meta property=\"og:site_name\" content=\"Dra. Lais David Amaral - Autismo e Odontologia\" \/>\n<meta property=\"article:published_time\" content=\"2020-08-06T12:49:57+00:00\" \/>\n<meta property=\"article:modified_time\" content=\"2020-08-06T13:23:15+00:00\" \/>\n<meta property=\"og:image\" content=\"https:\/\/mloxcugkbp6a.i.optimole.com\/w:auto\/h:auto\/q:mauto\/f:best\/https:\/\/autismo.odo.br\/site\/wp-content\/uploads\/2020\/08\/webinarlais.jpeg\" \/>\n\t<meta property=\"og:image:width\" content=\"640\" \/>\n\t<meta property=\"og:image:height\" content=\"480\" \/>\n\t<meta property=\"og:image:type\" content=\"image\/jpeg\" \/>\n<meta name=\"author\" content=\"Lais David Amaral\" \/>\n<meta name=\"twitter:card\" content=\"summary_large_image\" \/>\n<meta name=\"twitter:label1\" content=\"Escrito por\" \/>\n\t<meta name=\"twitter:data1\" content=\"Lais David Amaral\" \/>\n\t<meta name=\"twitter:label2\" content=\"Est. tempo de leitura\" \/>\n\t<meta name=\"twitter:data2\" content=\"1 minuto\" \/>\n<script type=\"application\/ld+json\" class=\"yoast-schema-graph\">{\"@context\":\"https:\\\/\\\/schema.org\",\"@graph\":[{\"@type\":\"Article\",\"@id\":\"https:\\\/\\\/autismo.odo.br\\\/site\\\/tea-e-odontologia-webinar-gratuito\\\/#article\",\"isPartOf\":{\"@id\":\"https:\\\/\\\/autismo.odo.br\\\/site\\\/tea-e-odontologia-webinar-gratuito\\\/\"},\"author\":{\"name\":\"Lais David Amaral\",\"@id\":\"https:\\\/\\\/autismo.odo.br\\\/site\\\/#\\\/schema\\\/person\\\/2e6b6b103e65341976ba744a2cf872b0\"},\"headline\":\"TEA e Odontologia \u2013 WEBINAR GRATUITO\",\"datePublished\":\"2020-08-06T12:49:57+00:00\",\"dateModified\":\"2020-08-06T13:23:15+00:00\",\"mainEntityOfPage\":{\"@id\":\"https:\\\/\\\/autismo.odo.br\\\/site\\\/tea-e-odontologia-webinar-gratuito\\\/\"},\"wordCount\":209,\"publisher\":{\"@id\":\"https:\\\/\\\/autismo.odo.br\\\/site\\\/#organization\"},\"image\":{\"@id\":\"https:\\\/\\\/autismo.odo.br\\\/site\\\/tea-e-odontologia-webinar-gratuito\\\/#primaryimage\"},\"thumbnailUrl\":\"https:\\/\\/autismo.odo.br\\/site\\/wp-content\\/uploads\\/2020\\/08\\/webinarlais.jpeg\",\"articleSection\":[\"Eventos e Palestras\",\"Odontologia\",\"Pacientes Especiais\"],\"inLanguage\":\"pt-BR\"},{\"@type\":\"WebPage\",\"@id\":\"https:\\\/\\\/autismo.odo.br\\\/site\\\/tea-e-odontologia-webinar-gratuito\\\/\",\"url\":\"https:\\\/\\\/autismo.odo.br\\\/site\\\/tea-e-odontologia-webinar-gratuito\\\/\",\"name\":\"TEA e Odontologia \u2013 WEBINAR GRATUITO - Dra. Lais David Amaral - Autismo e Odontologia\",\"isPartOf\":{\"@id\":\"https:\\\/\\\/autismo.odo.br\\\/site\\\/#website\"},\"primaryImageOfPage\":{\"@id\":\"https:\\\/\\\/autismo.odo.br\\\/site\\\/tea-e-odontologia-webinar-gratuito\\\/#primaryimage\"},\"image\":{\"@id\":\"https:\\\/\\\/autismo.odo.br\\\/site\\\/tea-e-odontologia-webinar-gratuito\\\/#primaryimage\"},\"thumbnailUrl\":\"https:\\/\\/autismo.odo.br\\/site\\/wp-content\\/uploads\\/2020\\/08\\/webinarlais.jpeg\",\"datePublished\":\"2020-08-06T12:49:57+00:00\",\"dateModified\":\"2020-08-06T13:23:15+00:00\",\"breadcrumb\":{\"@id\":\"https:\\\/\\\/autismo.odo.br\\\/site\\\/tea-e-odontologia-webinar-gratuito\\\/#breadcrumb\"},\"inLanguage\":\"pt-BR\",\"potentialAction\":[{\"@type\":\"ReadAction\",\"target\":[\"https:\\\/\\\/autismo.odo.br\\\/site\\\/tea-e-odontologia-webinar-gratuito\\\/\"]}]},{\"@type\":\"ImageObject\",\"inLanguage\":\"pt-BR\",\"@id\":\"https:\\\/\\\/autismo.odo.br\\\/site\\\/tea-e-odontologia-webinar-gratuito\\\/#primaryimage\",\"url\":\"https:\\/\\/autismo.odo.br\\/site\\/wp-content\\/uploads\\/2020\\/08\\/webinarlais.jpeg\",\"contentUrl\":\"https:\\/\\/autismo.odo.br\\/site\\/wp-content\\/uploads\\/2020\\/08\\/webinarlais.jpeg\",\"width\":640,\"height\":480},{\"@type\":\"BreadcrumbList\",\"@id\":\"https:\\\/\\\/autismo.odo.br\\\/site\\\/tea-e-odontologia-webinar-gratuito\\\/#breadcrumb\",\"itemListElement\":[{\"@type\":\"ListItem\",\"position\":1,\"name\":\"In\u00edcio\",\"item\":\"https:\\\/\\\/autismo.odo.br\\\/site\\\/\"},{\"@type\":\"ListItem\",\"position\":2,\"name\":\"TEA e Odontologia \u2013 WEBINAR GRATUITO\"}]},{\"@type\":\"WebSite\",\"@id\":\"https:\\\/\\\/autismo.odo.br\\\/site\\\/#website\",\"url\":\"https:\\\/\\\/autismo.odo.br\\\/site\\\/\",\"name\":\"Autismo e Odontologia\",\"description\":\"Dra. Lais David Amaral - Odontologia para Pacientes com Necessidades Especiais\",\"publisher\":{\"@id\":\"https:\\\/\\\/autismo.odo.br\\\/site\\\/#organization\"},\"potentialAction\":[{\"@type\":\"SearchAction\",\"target\":{\"@type\":\"EntryPoint\",\"urlTemplate\":\"https:\\\/\\\/autismo.odo.br\\\/site\\\/?s={search_term_string}\"},\"query-input\":{\"@type\":\"PropertyValueSpecification\",\"valueRequired\":true,\"valueName\":\"search_term_string\"}}],\"inLanguage\":\"pt-BR\"},{\"@type\":\"Organization\",\"@id\":\"https:\\\/\\\/autismo.odo.br\\\/site\\\/#organization\",\"name\":\"Autismo e Odontologia\",\"url\":\"https:\\\/\\\/autismo.odo.br\\\/site\\\/\",\"logo\":{\"@type\":\"ImageObject\",\"inLanguage\":\"pt-BR\",\"@id\":\"https:\\\/\\\/autismo.odo.br\\\/site\\\/#\\\/schema\\\/logo\\\/image\\\/\",\"url\":\"https:\\/\\/i2.wp.com\\/autismo.odo.br\\/site\\/wp-content\\/uploads\\/2017\\/04\\/Prof-Lais-Amaral-Cirurgia_Dentista-Odontologia-Pacientes-Especiais-Autismo-Brasilia-Distrito-Federal.jpg?fit=350%2C438&ssl=1\",\"contentUrl\":\"https:\\/\\/i2.wp.com\\/autismo.odo.br\\/site\\/wp-content\\/uploads\\/2017\\/04\\/Prof-Lais-Amaral-Cirurgia_Dentista-Odontologia-Pacientes-Especiais-Autismo-Brasilia-Distrito-Federal.jpg?fit=350%2C438&ssl=1\",\"width\":350,\"height\":438,\"caption\":\"Autismo e Odontologia\"},\"image\":{\"@id\":\"https:\\\/\\\/autismo.odo.br\\\/site\\\/#\\\/schema\\\/logo\\\/image\\\/\"},\"sameAs\":[\"http:\\\/\\\/instagram.com\\\/autismoeodontologia\"]},{\"@type\":\"Person\",\"@id\":\"https:\\\/\\\/autismo.odo.br\\\/site\\\/#\\\/schema\\\/person\\\/2e6b6b103e65341976ba744a2cf872b0\",\"name\":\"Lais David Amaral\",\"image\":{\"@type\":\"ImageObject\",\"inLanguage\":\"pt-BR\",\"@id\":\"https:\\\/\\\/secure.gravatar.com\\\/avatar\\\/a8fc8e237408fb27e1746e74dd4ca1dfd657a1bb6751088591e6dc41f11cb5fe?s=96&d=monsterid&r=g\",\"url\":\"https:\\\/\\\/secure.gravatar.com\\\/avatar\\\/a8fc8e237408fb27e1746e74dd4ca1dfd657a1bb6751088591e6dc41f11cb5fe?s=96&d=monsterid&r=g\",\"contentUrl\":\"https:\\\/\\\/secure.gravatar.com\\\/avatar\\\/a8fc8e237408fb27e1746e74dd4ca1dfd657a1bb6751088591e6dc41f11cb5fe?s=96&d=monsterid&r=g\",\"caption\":\"Lais David Amaral\"},\"description\":\"Graduada em Odontologia pela Universidade Paulista \u2013 UNIP, doutoranda e mestre em Ci\u00eancias da Sa\u00fade pela Universidade de Bras\u00edlia \u2013 UnB. Especialista em Odontologia para Pacientes com Necessidades Especiais (Universidade Paulista \u2013 FOUNIP) e Odontologia em Sa\u00fade Coletiva \u2013 UnB. Professora do Curso de Gradua\u00e7\u00e3o em Odontologia na Universidade Cat\u00f3lica de Bras\u00edlia \u2013 UCB. Experi\u00eancia como cirurgi\u00e3 dentista da Estrat\u00e9gia Sa\u00fade da Fam\u00edlia e odontologia para pessoas com necessidades especiais, realizando pesquisas sobre aten\u00e7\u00e3o em sa\u00fade bucal para pessoas com autismo. lais@autismo.odo.br\",\"sameAs\":[\"http:\\\/\\\/www.autismo.odo.br\"],\"url\":\"https:\\\/\\\/autismo.odo.br\\\/site\\\/author\\\/dra_laisamaral\\\/\"}]}<\/script>\n<!-- \/ Yoast SEO plugin. -->","yoast_head_json":{"title":"TEA e Odontologia \u2013 WEBINAR GRATUITO - Dra. Lais David Amaral - Autismo e Odontologia","robots":{"index":"index","follow":"follow","max-snippet":"max-snippet:-1","max-image-preview":"max-image-preview:large","max-video-preview":"max-video-preview:-1"},"canonical":"https:\/\/autismo.odo.br\/site\/tea-e-odontologia-webinar-gratuito\/","og_locale":"pt_BR","og_type":"article","og_title":"TEA e Odontologia \u2013 WEBINAR GRATUITO - Dra. Lais David Amaral - Autismo e Odontologia","og_description":"Com o objetivo de trazer informa\u00e7\u00e3o e discuss\u00e3o sobre a atua\u00e7\u00e3o do cirurgi\u00e3o dentista no atendimento de pacientes com Transtorno do Espectro Autista, a ODONTOLOGIA ESPECIAL CURSOS convida voc\u00ea para participar deste Webinar.&nbsp; Inscri\u00e7\u00f5es: https:\/\/doity.com.br\/webinar-tea A transmiss\u00e3o ser\u00e1 atrav\u00e9s do canal do Youtube AUTISMO E ODONTOLOGIA, dia 12\/08\/20, a partir [&hellip;]","og_url":"https:\/\/autismo.odo.br\/site\/tea-e-odontologia-webinar-gratuito\/","og_site_name":"Dra. Lais David Amaral - Autismo e Odontologia","article_published_time":"2020-08-06T12:49:57+00:00","article_modified_time":"2020-08-06T13:23:15+00:00","og_image":[{"width":640,"height":480,"url":"https:\/\/mloxcugkbp6a.i.optimole.com\/w:auto\/h:auto\/q:mauto\/f:best\/https:\/\/autismo.odo.br\/site\/wp-content\/uploads\/2020\/08\/webinarlais.jpeg","type":"image\/jpeg"}],"author":"Lais David Amaral","twitter_card":"summary_large_image","twitter_misc":{"Escrito por":"Lais David Amaral","Est. tempo de leitura":"1 minuto"},"schema":{"@context":"https:\/\/schema.org","@graph":[{"@type":"Article","@id":"https:\/\/autismo.odo.br\/site\/tea-e-odontologia-webinar-gratuito\/#article","isPartOf":{"@id":"https:\/\/autismo.odo.br\/site\/tea-e-odontologia-webinar-gratuito\/"},"author":{"name":"Lais David Amaral","@id":"https:\/\/autismo.odo.br\/site\/#\/schema\/person\/2e6b6b103e65341976ba744a2cf872b0"},"headline":"TEA e Odontologia \u2013 WEBINAR GRATUITO","datePublished":"2020-08-06T12:49:57+00:00","dateModified":"2020-08-06T13:23:15+00:00","mainEntityOfPage":{"@id":"https:\/\/autismo.odo.br\/site\/tea-e-odontologia-webinar-gratuito\/"},"wordCount":209,"publisher":{"@id":"https:\/\/autismo.odo.br\/site\/#organization"},"image":{"@id":"https:\/\/autismo.odo.br\/site\/tea-e-odontologia-webinar-gratuito\/#primaryimage"},"thumbnailUrl":"https:\/\/mloxcugkbp6a.i.optimole.com\/w:auto\/h:auto\/q:mauto\/f:best\/https:\/\/autismo.odo.br\/site\/wp-content\/uploads\/2020\/08\/webinarlais.jpeg","articleSection":["Eventos e Palestras","Odontologia","Pacientes Especiais"],"inLanguage":"pt-BR"},{"@type":"WebPage","@id":"https:\/\/autismo.odo.br\/site\/tea-e-odontologia-webinar-gratuito\/","url":"https:\/\/autismo.odo.br\/site\/tea-e-odontologia-webinar-gratuito\/","name":"TEA e Odontologia \u2013 WEBINAR GRATUITO - Dra. Lais David Amaral - Autismo e Odontologia","isPartOf":{"@id":"https:\/\/autismo.odo.br\/site\/#website"},"primaryImageOfPage":{"@id":"https:\/\/autismo.odo.br\/site\/tea-e-odontologia-webinar-gratuito\/#primaryimage"},"image":{"@id":"https:\/\/autismo.odo.br\/site\/tea-e-odontologia-webinar-gratuito\/#primaryimage"},"thumbnailUrl":"https:\/\/mloxcugkbp6a.i.optimole.com\/w:auto\/h:auto\/q:mauto\/f:best\/https:\/\/autismo.odo.br\/site\/wp-content\/uploads\/2020\/08\/webinarlais.jpeg","datePublished":"2020-08-06T12:49:57+00:00","dateModified":"2020-08-06T13:23:15+00:00","breadcrumb":{"@id":"https:\/\/autismo.odo.br\/site\/tea-e-odontologia-webinar-gratuito\/#breadcrumb"},"inLanguage":"pt-BR","potentialAction":[{"@type":"ReadAction","target":["https:\/\/autismo.odo.br\/site\/tea-e-odontologia-webinar-gratuito\/"]}]},{"@type":"ImageObject","inLanguage":"pt-BR","@id":"https:\/\/autismo.odo.br\/site\/tea-e-odontologia-webinar-gratuito\/#primaryimage","url":"https:\/\/mloxcugkbp6a.i.optimole.com\/w:auto\/h:auto\/q:mauto\/f:best\/https:\/\/autismo.odo.br\/site\/wp-content\/uploads\/2020\/08\/webinarlais.jpeg","contentUrl":"https:\/\/mloxcugkbp6a.i.optimole.com\/w:auto\/h:auto\/q:mauto\/f:best\/https:\/\/autismo.odo.br\/site\/wp-content\/uploads\/2020\/08\/webinarlais.jpeg","width":640,"height":480},{"@type":"BreadcrumbList","@id":"https:\/\/autismo.odo.br\/site\/tea-e-odontologia-webinar-gratuito\/#breadcrumb","itemListElement":[{"@type":"ListItem","position":1,"name":"In\u00edcio","item":"https:\/\/autismo.odo.br\/site\/"},{"@type":"ListItem","position":2,"name":"TEA e Odontologia \u2013 WEBINAR GRATUITO"}]},{"@type":"WebSite","@id":"https:\/\/autismo.odo.br\/site\/#website","url":"https:\/\/autismo.odo.br\/site\/","name":"Autismo e Odontologia","description":"Dra. Lais David Amaral - Odontologia para Pacientes com Necessidades Especiais","publisher":{"@id":"https:\/\/autismo.odo.br\/site\/#organization"},"potentialAction":[{"@type":"SearchAction","target":{"@type":"EntryPoint","urlTemplate":"https:\/\/autismo.odo.br\/site\/?s={search_term_string}"},"query-input":{"@type":"PropertyValueSpecification","valueRequired":true,"valueName":"search_term_string"}}],"inLanguage":"pt-BR"},{"@type":"Organization","@id":"https:\/\/autismo.odo.br\/site\/#organization","name":"Autismo e Odontologia","url":"https:\/\/autismo.odo.br\/site\/","logo":{"@type":"ImageObject","inLanguage":"pt-BR","@id":"https:\/\/autismo.odo.br\/site\/#\/schema\/logo\/image\/","url":"https:\/\/mloxcugkbp6a.i.optimole.com\/w:auto\/h:auto\/q:mauto\/f:best\/https:\/\/i2.wp.com\/autismo.odo.br\/site\/wp-content\/uploads\/2017\/04\/Prof-Lais-Amaral-Cirurgia_Dentista-Odontologia-Pacientes-Especiais-Autismo-Brasilia-Distrito-Federal.jpg?fit=350%2C438&ssl=1","contentUrl":"https:\/\/mloxcugkbp6a.i.optimole.com\/w:auto\/h:auto\/q:mauto\/f:best\/https:\/\/i2.wp.com\/autismo.odo.br\/site\/wp-content\/uploads\/2017\/04\/Prof-Lais-Amaral-Cirurgia_Dentista-Odontologia-Pacientes-Especiais-Autismo-Brasilia-Distrito-Federal.jpg?fit=350%2C438&ssl=1","width":350,"height":438,"caption":"Autismo e Odontologia"},"image":{"@id":"https:\/\/autismo.odo.br\/site\/#\/schema\/logo\/image\/"},"sameAs":["http:\/\/instagram.com\/autismoeodontologia"]},{"@type":"Person","@id":"https:\/\/autismo.odo.br\/site\/#\/schema\/person\/2e6b6b103e65341976ba744a2cf872b0","name":"Lais David Amaral","image":{"@type":"ImageObject","inLanguage":"pt-BR","@id":"https:\/\/secure.gravatar.com\/avatar\/a8fc8e237408fb27e1746e74dd4ca1dfd657a1bb6751088591e6dc41f11cb5fe?s=96&d=monsterid&r=g","url":"https:\/\/secure.gravatar.com\/avatar\/a8fc8e237408fb27e1746e74dd4ca1dfd657a1bb6751088591e6dc41f11cb5fe?s=96&d=monsterid&r=g","contentUrl":"https:\/\/secure.gravatar.com\/avatar\/a8fc8e237408fb27e1746e74dd4ca1dfd657a1bb6751088591e6dc41f11cb5fe?s=96&d=monsterid&r=g","caption":"Lais David Amaral"},"description":"Graduada em Odontologia pela Universidade Paulista \u2013 UNIP, doutoranda e mestre em Ci\u00eancias da Sa\u00fade pela Universidade de Bras\u00edlia \u2013 UnB. Especialista em Odontologia para Pacientes com Necessidades Especiais (Universidade Paulista \u2013 FOUNIP) e Odontologia em Sa\u00fade Coletiva \u2013 UnB. Professora do Curso de Gradua\u00e7\u00e3o em Odontologia na Universidade Cat\u00f3lica de Bras\u00edlia \u2013 UCB. Experi\u00eancia como cirurgi\u00e3 dentista da Estrat\u00e9gia Sa\u00fade da Fam\u00edlia e odontologia para pessoas com necessidades especiais, realizando pesquisas sobre aten\u00e7\u00e3o em sa\u00fade bucal para pessoas com autismo. lais@autismo.odo.br","sameAs":["http:\/\/www.autismo.odo.br"],"url":"https:\/\/autismo.odo.br\/site\/author\/dra_laisamaral\/"}]}},"jetpack_publicize_connections":[],"jetpack_featured_media_url":"https:\/\/mloxcugkbp6a.i.optimole.com\/w:auto\/h:auto\/q:mauto\/f:best\/https:\/\/autismo.odo.br\/site\/wp-content\/uploads\/2020\/08\/webinarlais.jpeg","jetpack_shortlink":"https:\/\/wp.me\/p8Agdc-9i","jetpack_sharing_enabled":true,"_links":{"self":[{"href":"https:\/\/autismo.odo.br\/site\/wp-json\/wp\/v2\/posts\/576","targetHints":{"allow":["GET"]}}],"collection":[{"href":"https:\/\/autismo.odo.br\/site\/wp-json\/wp\/v2\/posts"}],"about":[{"href":"https:\/\/autismo.odo.br\/site\/wp-json\/wp\/v2\/types\/post"}],"author":[{"embeddable":true,"href":"https:\/\/autismo.odo.br\/site\/wp-json\/wp\/v2\/users\/1"}],"replies":[{"embeddable":true,"href":"https:\/\/autismo.odo.br\/site\/wp-json\/wp\/v2\/comments?post=576"}],"version-history":[{"count":4,"href":"https:\/\/autismo.odo.br\/site\/wp-json\/wp\/v2\/posts\/576\/revisions"}],"predecessor-version":[{"id":582,"href":"https:\/\/autismo.odo.br\/site\/wp-json\/wp\/v2\/posts\/576\/revisions\/582"}],"wp:featuredmedia":[{"embeddable":true,"href":"https:\/\/autismo.odo.br\/site\/wp-json\/wp\/v2\/media\/579"}],"wp:attachment":[{"href":"https:\/\/autismo.odo.br\/site\/wp-json\/wp\/v2\/media?parent=576"}],"wp:term":[{"taxonomy":"category","embeddable":true,"href":"https:\/\/autismo.odo.br\/site\/wp-json\/wp\/v2\/categories?post=576"},{"taxonomy":"post_tag","embeddable":true,"href":"https:\/\/autismo.odo.br\/site\/wp-json\/wp\/v2\/tags?post=576"}],"curies":[{"name":"wp","href":"https:\/\/api.w.org\/{rel}","templated":true}]}}